{"id":691,"date":"2023-08-14T12:17:31","date_gmt":"2023-08-14T10:17:31","guid":{"rendered":"https:\/\/carlosfelixweddings.com\/?p=691"},"modified":"2023-10-13T13:18:26","modified_gmt":"2023-10-13T11:18:26","slug":"videografo-profesional-para-bodas-en-marbella","status":"publish","type":"post","link":"https:\/\/carlosfelixweddings.com\/en\/videografo-profesional-para-bodas-en-marbella\/","title":{"rendered":"Bodas en Marbella: 5 razones para contar con un vide\u00f3grafo profesional"},"content":{"rendered":"<h2 class=\"wp-block-heading\"><\/h2>\n\n\n\n<p>Cada vez son m\u00e1s las parejas que deciden celebrar su enlace nupcial en Marbella. La ciudad goza de un clima, una gastronom\u00eda y una arquitectura extraordinaria que la convierten en el tel\u00f3n de fondo perfecto para uno de los d\u00edas m\u00e1s especiales de nuestras vidas. Adem\u00e1s, se encuentra preparada con infinidad de servicios e infraestructuras para poner en valor el denominado turismo de romance. Uno de los detalles que no puede faltar es <strong>contratar un vide\u00f3grafo profesional de bodas en Marbella<\/strong>.<\/p>\n\n\n\n<!--more-->\n\n\n\n<div class=\"wp-block-media-text is-stacked-on-mobile\"><figure class=\"wp-block-media-text__media\"><img decoding=\"async\" width=\"1707\" height=\"2560\" src=\"https:\/\/carlosfelixweddings.com\/wp-content\/uploads\/2023\/10\/image00002-scaled-e1697193047729.jpeg\" alt=\"Carlos F\u00e9lix vide\u00f3grafo \" class=\"wp-image-1267 size-full\" srcset=\"https:\/\/carlosfelixweddings.com\/wp-content\/uploads\/2023\/10\/image00002-scaled-e1697193047729.jpeg 1707w, https:\/\/carlosfelixweddings.com\/wp-content\/uploads\/2023\/10\/image00002-scaled-e1697193047729-768x1152.jpeg 768w, https:\/\/carlosfelixweddings.com\/wp-content\/uploads\/2023\/10\/image00002-scaled-e1697193047729-1024x1536.jpeg 1024w, https:\/\/carlosfelixweddings.com\/wp-content\/uploads\/2023\/10\/image00002-scaled-e1697193047729-1366x2048.jpeg 1366w, https:\/\/carlosfelixweddings.com\/wp-content\/uploads\/2023\/10\/image00002-scaled-e1697193047729-8x12.jpeg 8w\" sizes=\"(max-width: 1707px) 100vw, 1707px\" \/><\/figure><div class=\"wp-block-media-text__content\">\n<p>El v\u00eddeo de boda es algo m\u00e1s que un simple complemento del reportaje fotogr\u00e1fico, pues gracias a este recurso, <strong>cada vez m\u00e1s profesional y de excelente calidad art\u00edstica<\/strong>, se obtendr\u00e1 una perspectiva diferente y cinematogr\u00e1fica de dicho d\u00eda. Las luces, las im\u00e1genes, los sonidos, las expresiones y los movimientos se fundir\u00e1n con los recuerdos. De ah\u00ed la importancia de <a href=\"https:\/\/carlosfelixweddings.com\/en\/contact\/\">contar con un vide\u00f3grafo profesional para bodas en Marbella<\/a>.<\/p>\n\n\n\n<p><strong><a href=\"https:\/\/www.instagram.com\/carlosfelix_weddings\/\">Carlos F\u00e9lix Weddings<\/a><\/strong> m\u00e1s que un vide\u00f3grafo es un contador de historias. Cuenta con el mejor equipo humano y t\u00e9cnico para que los novios se dediquen \u00fanicamente a disfrutar y \u00e9l a captar cada emoci\u00f3n, cada gesto de complicidad y cada detalle con plena naturalidad. El resultado es <strong>una pel\u00edcula \u00fanica de estilo moderno, art\u00edstico y cinematogr\u00e1fico<\/strong>.<\/p>\n<\/div><\/div>\n\n\n\n<h2 class=\"wp-block-heading\">Un sector en auge y reconocido<\/h2>\n\n\n\n<p>La pandemia puso en jaque a la gran mayor\u00eda de los profesionales vinculados al sector de los enlaces nupciales, pues los contrayentes decidieron en su gran mayor\u00eda aplazarlos hasta que se diesen unas condiciones sanitarias m\u00e1s \u00f3ptimas. Pese a ello, el valor art\u00edstico de tantos profesionales se pone en valor cada a\u00f1o con los premios <strong>Wedding Awards<\/strong> que concede el portal <strong>Bodas.net<\/strong> y en donde tambi\u00e9n se reconoce la importancia de contar con un vide\u00f3grafo profesional.<\/p>\n\n\n\n<p>Carlos F\u00e9lix Weddings result\u00f3 vencedor en la categor\u00eda de <strong>\u2018al mejor v\u00eddeo de bodas\u2019<\/strong> en su novena edici\u00f3n por <strong>el enlace entre Paula y Javi<\/strong>. El vide\u00f3grafo almeriense no para de reinventarse ante la elevada competencia, siendo especialmente su sello de calidad el elevado contenido art\u00edstico y profesional de sus trabajos. Cada boda es estudiada y captada <strong>teniendo en cuenta las luces, los colores y los escenarios al detalle<\/strong>.<\/p>\n\n\n\n<p>En las bodas en Marbella, <strong>el enfoque cuidadoso<\/strong> en la composici\u00f3n visual, la iluminaci\u00f3n evocadora y la edici\u00f3n art\u00edstica garantizan que cada film se convierta en una obra maestra de car\u00e1cter atemporal. Una raz\u00f3n de peso para contar con un vide\u00f3grafo profesional para tu enlace nupcial.<\/p>\n\n\n\n<h2 class=\"wp-block-heading\">Razones para contar con un vide\u00f3grafo profesional<\/h2>\n\n\n\n<h3 class=\"wp-block-heading\">Revivir los recuerdos<\/h3>\n\n\n\n<p>Tanto el v\u00eddeo como las fotos cumplen la funci\u00f3n de poder revivir en cualquier momento el d\u00eda de nuestra boda, que en la gran mayor\u00eda de los casos no es disfrutado como se debe debido a los nervios. <strong>Se captan e inmortalizan los movimientos, el sonido, las miradas y las sonrisas<\/strong>. Un sinf\u00edn de sensaciones que una c\u00e1mara de fotos no puede captar y que nos demuestra que es vital contar con un vide\u00f3grafo profesional.<\/p>\n\n\n\n<h3 class=\"wp-block-heading\">Un equipo profesional<\/h3>\n\n\n\n<p>Contar con un vide\u00f3grafo profesional para bodas en Marbella ser\u00e1 mejor que confiarle este trabajo a un familiar que tenga una buena c\u00e1mara por tal de ahorrarnos un dinero. Y es que al final, lo barato sale caro. Es mejor apostar por profesionales con amplios conocimientos audiovisuales que saben <strong>escoger el material, jugar con los enfoques, los planos y la luz <\/strong>para obtener un resultado final inmejorable.<\/p>\n\n\n\n<h3 class=\"wp-block-heading\">Un sonido envolvente<\/h3>\n\n\n\n<p>La raz\u00f3n de peso por la que contar con un vide\u00f3grafo profesional para bodas en Marbella no es otra que<strong> tener la posibilidad de escuchar los comentarios de nuestros amigos y familiares<\/strong>, as\u00ed como sus risas nerviosas, que tendr\u00e1n un valor incalculable para el recuerdo.<\/p>\n\n\n\n<h3 class=\"wp-block-heading\">Un resultado cinematogr\u00e1fico<\/h3>\n\n\n\n<div class=\"wp-block-media-text is-stacked-on-mobile\"><figure class=\"wp-block-media-text__media\"><img decoding=\"async\" width=\"2560\" height=\"1707\" src=\"https:\/\/carlosfelixweddings.com\/wp-content\/uploads\/2023\/10\/image00014-scaled.jpeg\" alt=\"vide\u00f3grafo de bodas en Marbella\" class=\"wp-image-1272 size-full\" srcset=\"https:\/\/carlosfelixweddings.com\/wp-content\/uploads\/2023\/10\/image00014-scaled.jpeg 2560w, https:\/\/carlosfelixweddings.com\/wp-content\/uploads\/2023\/10\/image00014-768x512.jpeg 768w, https:\/\/carlosfelixweddings.com\/wp-content\/uploads\/2023\/10\/image00014-1536x1024.jpeg 1536w, https:\/\/carlosfelixweddings.com\/wp-content\/uploads\/2023\/10\/image00014-2048x1365.jpeg 2048w, https:\/\/carlosfelixweddings.com\/wp-content\/uploads\/2023\/10\/image00014-18x12.jpeg 18w\" sizes=\"(max-width: 2560px) 100vw, 2560px\" \/><\/figure><div class=\"wp-block-media-text__content\">\n<p>El concepto de v\u00eddeo de bodas ha evolucionado much\u00edsimo. Ya no se centra exclusivamente en plasmar el enlace sin emoci\u00f3n y de manera aburrida. Cuando <a href=\"https:\/\/carlosfelixweddings.com\/en\/las-historias\/\">se cuenta con un vide\u00f3grafo profesional para bodas en Marbella<\/a> se est\u00e1 apostando por obtener una peque\u00f1a pel\u00edcula de nuestra boda.<\/p>\n<\/div><\/div>\n\n\n\n<div class=\"wp-block-media-text is-stacked-on-mobile\"><figure class=\"wp-block-media-text__media\"><img decoding=\"async\" width=\"828\" height=\"552\" src=\"https:\/\/carlosfelixweddings.com\/wp-content\/uploads\/2023\/10\/image00011.jpeg\" alt=\"vide\u00f3grafo en marbella\" class=\"wp-image-1269 size-full\" srcset=\"https:\/\/carlosfelixweddings.com\/wp-content\/uploads\/2023\/10\/image00011.jpeg 828w, https:\/\/carlosfelixweddings.com\/wp-content\/uploads\/2023\/10\/image00011-768x512.jpeg 768w, https:\/\/carlosfelixweddings.com\/wp-content\/uploads\/2023\/10\/image00011-18x12.jpeg 18w\" sizes=\"(max-width: 828px) 100vw, 828px\" \/><\/figure><div class=\"wp-block-media-text__content\">\n<p><strong>Se aporta un enfoque nuevo<\/strong>, editando todo el amplio material grabado y combin\u00e1ndolo a la perfecci\u00f3n con la m\u00fasica adecuada para crear una pieza final de elevada carga art\u00edstica que quedar\u00e1 por siempre guardada en nuestras retinas.<\/p>\n<\/div><\/div>\n\n\n\n<div class=\"wp-block-media-text is-stacked-on-mobile\"><figure class=\"wp-block-media-text__media\"><img decoding=\"async\" width=\"2560\" height=\"1707\" src=\"https:\/\/carlosfelixweddings.com\/wp-content\/uploads\/2023\/10\/image00012-scaled.jpeg\" alt=\"carlos felix vide\u00f3grafo\" class=\"wp-image-1271 size-full\" srcset=\"https:\/\/carlosfelixweddings.com\/wp-content\/uploads\/2023\/10\/image00012-scaled.jpeg 2560w, https:\/\/carlosfelixweddings.com\/wp-content\/uploads\/2023\/10\/image00012-768x512.jpeg 768w, https:\/\/carlosfelixweddings.com\/wp-content\/uploads\/2023\/10\/image00012-1536x1024.jpeg 1536w, https:\/\/carlosfelixweddings.com\/wp-content\/uploads\/2023\/10\/image00012-2048x1365.jpeg 2048w, https:\/\/carlosfelixweddings.com\/wp-content\/uploads\/2023\/10\/image00012-18x12.jpeg 18w\" sizes=\"(max-width: 2560px) 100vw, 2560px\" \/><\/figure><div class=\"wp-block-media-text__content\">\n<p>Hoy en d\u00eda se ha alcanzado <strong>una<\/strong> <strong>gran perfecci\u00f3n al grabar con c\u00e1maras HD o 4K<\/strong> que aportan un pleno realismo, disponer de planos a\u00e9reos con <strong>drones<\/strong> o de diferentes visiones con un formato multic\u00e1mara. Adem\u00e1s, contar con un vide\u00f3grafo profesional permitir\u00e1 grabar formatos divertidos como un <strong>tr\u00e1iler<\/strong>, un <strong>slowmotion<\/strong>, el viaje de novios y hasta un <strong>v\u00eddeo<\/strong> <strong>de agradecimiento<\/strong>.<\/p>\n<\/div><\/div>\n\n\n\n<p><\/p>\n\n\n\n<h3 class=\"wp-block-heading\">Hacer part\u00edcipes a los invitados<\/h3>\n\n\n\n<p>Al implicarlos en el reportaje se conseguir\u00e1 que familiares y amigos se sientan parte activa de este d\u00eda tan especial para los novios, guardando un recuerdo audiovisual de ellos que cuando se visualice con el paso del tiempo <strong>generar\u00e1 un sinf\u00edn de emociones<\/strong>. Se pueden a\u00f1adir <strong>peque\u00f1as entrevistas o testimonios<\/strong> con an\u00e9cdotas o mensajes a los novios.<\/p>\n\n\n\n<p>Muchas son las razones por las que contar con un vide\u00f3grafo profesional para bodas en Marbella, <strong>un toque de calidad y distinci\u00f3n<\/strong> que debes a\u00f1adir en el d\u00eda m\u00e1s especial de tu vida.<\/p>","protected":false},"excerpt":{"rendered":"<p>Contar con un vide\u00f3grafo profesional para tu boda en Marbella te permite revivir cada emoci\u00f3n y detalle en calidad cinematogr\u00e1fica. Descubre por qu\u00e9 es una inversi\u00f3n valiosa en el d\u00eda m\u00e1s especial de tu vida.<\/p>","protected":false},"author":1,"featured_media":1264,"comment_status":"open","ping_status":"open","sticky":false,"template":"","format":"standard","meta":{"footnotes":""},"categories":[30],"tags":[20,28,29,35,27,34,40,36,39,41],"class_list":["post-691","post","type-post","status-publish","format-standard","has-post-thumbnail","hentry","category-bodas-en-marbella","tag-bodas-en-marbella","tag-calidad-cinematografica","tag-reportaje-audiovisual","tag-videografo-de-bodas","tag-videografo-profesional","tag-videografo-profesional-de-bodas-en-marbella","tag-wedding-film","tag-wedding-inspiration","tag-wedding-videographer","tag-wedding-videography"],"yoast_head":"<!-- This site is optimized with the Yoast SEO plugin v27.5 - https:\/\/yoast.com\/product\/yoast-seo-wordpress\/ -->\n<title>Bodas en Marbella: 5 razones para contar con un vide\u00f3grafo profesional - Carlos Felix Weddings<\/title>\n<meta name=\"description\" content=\"Un Vide\u00f3grafo Profesional en Bodas en Marbella: la clave para revivir tu d\u00eda con calidad cinematogr\u00e1fica. Descubre m\u00e1s.\" \/>\n<meta name=\"robots\" content=\"index, follow, max-snippet:-1, max-image-preview:large, max-video-preview:-1\" \/>\n<link rel=\"canonical\" href=\"https:\/\/carlosfelixweddings.com\/en\/videografo-profesional-para-bodas-en-marbella\/\" \/>\n<meta property=\"og:locale\" content=\"en_GB\" \/>\n<meta property=\"og:type\" content=\"article\" \/>\n<meta property=\"og:title\" content=\"Bodas en Marbella: 5 razones para contar con un vide\u00f3grafo profesional - Carlos Felix Weddings\" \/>\n<meta property=\"og:description\" content=\"Un Vide\u00f3grafo Profesional en Bodas en Marbella: la clave para revivir tu d\u00eda con calidad cinematogr\u00e1fica. Descubre m\u00e1s.\" \/>\n<meta property=\"og:url\" content=\"https:\/\/carlosfelixweddings.com\/en\/videografo-profesional-para-bodas-en-marbella\/\" \/>\n<meta property=\"og:site_name\" content=\"Carlos Felix Weddings\" \/>\n<meta property=\"article:published_time\" content=\"2023-08-14T10:17:31+00:00\" \/>\n<meta property=\"article:modified_time\" content=\"2023-10-13T11:18:26+00:00\" \/>\n<meta property=\"og:image\" content=\"https:\/\/carlosfelixweddings.com\/wp-content\/uploads\/2023\/08\/image00001-scaled.jpeg\" \/>\n\t<meta property=\"og:image:width\" content=\"2560\" \/>\n\t<meta property=\"og:image:height\" content=\"1702\" \/>\n\t<meta property=\"og:image:type\" content=\"image\/jpeg\" \/>\n<meta name=\"author\" content=\"admin\" \/>\n<meta name=\"twitter:card\" content=\"summary_large_image\" \/>\n<meta name=\"twitter:creator\" content=\"@elukef\" \/>\n<meta name=\"twitter:site\" content=\"@elukef\" \/>\n<meta name=\"twitter:label1\" content=\"Written by\" \/>\n\t<meta name=\"twitter:data1\" content=\"admin\" \/>\n\t<meta name=\"twitter:label2\" content=\"Estimated reading time\" \/>\n\t<meta name=\"twitter:data2\" content=\"5 minutes\" \/>\n<script type=\"application\/ld+json\" class=\"yoast-schema-graph\">{\"@context\":\"https:\\\/\\\/schema.org\",\"@graph\":[{\"@type\":\"Article\",\"@id\":\"https:\\\/\\\/carlosfelixweddings.com\\\/videografo-profesional-para-bodas-en-marbella\\\/#article\",\"isPartOf\":{\"@id\":\"https:\\\/\\\/carlosfelixweddings.com\\\/videografo-profesional-para-bodas-en-marbella\\\/\"},\"author\":{\"name\":\"admin\",\"@id\":\"https:\\\/\\\/carlosfelixweddings.com\\\/#\\\/schema\\\/person\\\/bec36511ba8342d22f7a949105214970\"},\"headline\":\"Bodas en Marbella: 5 razones para contar con un vide\u00f3grafo profesional\",\"datePublished\":\"2023-08-14T10:17:31+00:00\",\"dateModified\":\"2023-10-13T11:18:26+00:00\",\"mainEntityOfPage\":{\"@id\":\"https:\\\/\\\/carlosfelixweddings.com\\\/videografo-profesional-para-bodas-en-marbella\\\/\"},\"wordCount\":948,\"commentCount\":0,\"publisher\":{\"@id\":\"https:\\\/\\\/carlosfelixweddings.com\\\/#\\\/schema\\\/person\\\/ea6a553b88d5f13090db0d991e097421\"},\"image\":{\"@id\":\"https:\\\/\\\/carlosfelixweddings.com\\\/videografo-profesional-para-bodas-en-marbella\\\/#primaryimage\"},\"thumbnailUrl\":\"https:\\\/\\\/carlosfelixweddings.com\\\/wp-content\\\/uploads\\\/2023\\\/08\\\/image00001-scaled.jpeg\",\"keywords\":[\"bodas en marbella\",\"Calidad Cinematogr\u00e1fica\",\"Reportaje Audiovisual\",\"vide\u00f3grafo de bodas\",\"vide\u00f3grafo profesional\",\"videografo profesional de bodas en marbella\",\"wedding film\",\"wedding inspiration\",\"wedding videographer\",\"wedding videography\"],\"articleSection\":[\"Bodas en Marbella\"],\"inLanguage\":\"en-GB\",\"potentialAction\":[{\"@type\":\"CommentAction\",\"name\":\"Comment\",\"target\":[\"https:\\\/\\\/carlosfelixweddings.com\\\/videografo-profesional-para-bodas-en-marbella\\\/#respond\"]}]},{\"@type\":\"WebPage\",\"@id\":\"https:\\\/\\\/carlosfelixweddings.com\\\/videografo-profesional-para-bodas-en-marbella\\\/\",\"url\":\"https:\\\/\\\/carlosfelixweddings.com\\\/videografo-profesional-para-bodas-en-marbella\\\/\",\"name\":\"Bodas en Marbella: 5 razones para contar con un vide\u00f3grafo profesional - Carlos Felix Weddings\",\"isPartOf\":{\"@id\":\"https:\\\/\\\/carlosfelixweddings.com\\\/#website\"},\"primaryImageOfPage\":{\"@id\":\"https:\\\/\\\/carlosfelixweddings.com\\\/videografo-profesional-para-bodas-en-marbella\\\/#primaryimage\"},\"image\":{\"@id\":\"https:\\\/\\\/carlosfelixweddings.com\\\/videografo-profesional-para-bodas-en-marbella\\\/#primaryimage\"},\"thumbnailUrl\":\"https:\\\/\\\/carlosfelixweddings.com\\\/wp-content\\\/uploads\\\/2023\\\/08\\\/image00001-scaled.jpeg\",\"datePublished\":\"2023-08-14T10:17:31+00:00\",\"dateModified\":\"2023-10-13T11:18:26+00:00\",\"description\":\"Un Vide\u00f3grafo Profesional en Bodas en Marbella: la clave para revivir tu d\u00eda con calidad cinematogr\u00e1fica. Descubre m\u00e1s.\",\"breadcrumb\":{\"@id\":\"https:\\\/\\\/carlosfelixweddings.com\\\/videografo-profesional-para-bodas-en-marbella\\\/#breadcrumb\"},\"inLanguage\":\"en-GB\",\"potentialAction\":[{\"@type\":\"ReadAction\",\"target\":[\"https:\\\/\\\/carlosfelixweddings.com\\\/videografo-profesional-para-bodas-en-marbella\\\/\"]}]},{\"@type\":\"ImageObject\",\"inLanguage\":\"en-GB\",\"@id\":\"https:\\\/\\\/carlosfelixweddings.com\\\/videografo-profesional-para-bodas-en-marbella\\\/#primaryimage\",\"url\":\"https:\\\/\\\/carlosfelixweddings.com\\\/wp-content\\\/uploads\\\/2023\\\/08\\\/image00001-scaled.jpeg\",\"contentUrl\":\"https:\\\/\\\/carlosfelixweddings.com\\\/wp-content\\\/uploads\\\/2023\\\/08\\\/image00001-scaled.jpeg\",\"width\":2560,\"height\":1702,\"caption\":\"Vide\u00f3grafo profesional en Marbella\"},{\"@type\":\"BreadcrumbList\",\"@id\":\"https:\\\/\\\/carlosfelixweddings.com\\\/videografo-profesional-para-bodas-en-marbella\\\/#breadcrumb\",\"itemListElement\":[{\"@type\":\"ListItem\",\"position\":1,\"name\":\"Portada\",\"item\":\"https:\\\/\\\/carlosfelixweddings.com\\\/\"},{\"@type\":\"ListItem\",\"position\":2,\"name\":\"Bodas en Marbella: 5 razones para contar con un vide\u00f3grafo profesional\"}]},{\"@type\":\"WebSite\",\"@id\":\"https:\\\/\\\/carlosfelixweddings.com\\\/#website\",\"url\":\"https:\\\/\\\/carlosfelixweddings.com\\\/\",\"name\":\"Carlos Felix Weddings\",\"description\":\"Vide\u00f3grafo de Bodas | Weddings Videographer\",\"publisher\":{\"@id\":\"https:\\\/\\\/carlosfelixweddings.com\\\/#\\\/schema\\\/person\\\/ea6a553b88d5f13090db0d991e097421\"},\"potentialAction\":[{\"@type\":\"SearchAction\",\"target\":{\"@type\":\"EntryPoint\",\"urlTemplate\":\"https:\\\/\\\/carlosfelixweddings.com\\\/?s={search_term_string}\"},\"query-input\":{\"@type\":\"PropertyValueSpecification\",\"valueRequired\":true,\"valueName\":\"search_term_string\"}}],\"inLanguage\":\"en-GB\"},{\"@type\":[\"Person\",\"Organization\"],\"@id\":\"https:\\\/\\\/carlosfelixweddings.com\\\/#\\\/schema\\\/person\\\/ea6a553b88d5f13090db0d991e097421\",\"name\":\"Carlos F\u00e9lix\",\"image\":{\"@type\":\"ImageObject\",\"inLanguage\":\"en-GB\",\"@id\":\"https:\\\/\\\/carlosfelixweddings.com\\\/wp-content\\\/uploads\\\/2023\\\/04\\\/carlos-felix-weddings-logo-black.svg\",\"url\":\"https:\\\/\\\/carlosfelixweddings.com\\\/wp-content\\\/uploads\\\/2023\\\/04\\\/carlos-felix-weddings-logo-black.svg\",\"contentUrl\":\"https:\\\/\\\/carlosfelixweddings.com\\\/wp-content\\\/uploads\\\/2023\\\/04\\\/carlos-felix-weddings-logo-black.svg\",\"width\":880,\"height\":197,\"caption\":\"Carlos F\u00e9lix\"},\"logo\":{\"@id\":\"https:\\\/\\\/carlosfelixweddings.com\\\/wp-content\\\/uploads\\\/2023\\\/04\\\/carlos-felix-weddings-logo-black.svg\"},\"sameAs\":[\"https:\\\/\\\/x.com\\\/elukef\"]},{\"@type\":\"Person\",\"@id\":\"https:\\\/\\\/carlosfelixweddings.com\\\/#\\\/schema\\\/person\\\/bec36511ba8342d22f7a949105214970\",\"name\":\"admin\",\"image\":{\"@type\":\"ImageObject\",\"inLanguage\":\"en-GB\",\"@id\":\"https:\\\/\\\/carlosfelixweddings.com\\\/wp-content\\\/litespeed\\\/avatar\\\/8b674d7d57a17c311b8882d7942ba332.jpg?ver=1777480788\",\"url\":\"https:\\\/\\\/carlosfelixweddings.com\\\/wp-content\\\/litespeed\\\/avatar\\\/8b674d7d57a17c311b8882d7942ba332.jpg?ver=1777480788\",\"contentUrl\":\"https:\\\/\\\/carlosfelixweddings.com\\\/wp-content\\\/litespeed\\\/avatar\\\/8b674d7d57a17c311b8882d7942ba332.jpg?ver=1777480788\",\"caption\":\"admin\"},\"sameAs\":[\"https:\\\/\\\/carlosfelixweddings.com\",\"https:\\\/\\\/x.com\\\/elukef\"]}]}<\/script>\n<!-- \/ Yoast SEO plugin. -->","yoast_head_json":{"title":"Bodas en Marbella: 5 razones para contar con un vide\u00f3grafo profesional - Carlos Felix Weddings","description":"Un Vide\u00f3grafo Profesional en Bodas en Marbella: la clave para revivir tu d\u00eda con calidad cinematogr\u00e1fica. Descubre m\u00e1s.","robots":{"index":"index","follow":"follow","max-snippet":"max-snippet:-1","max-image-preview":"max-image-preview:large","max-video-preview":"max-video-preview:-1"},"canonical":"https:\/\/carlosfelixweddings.com\/en\/videografo-profesional-para-bodas-en-marbella\/","og_locale":"en_GB","og_type":"article","og_title":"Bodas en Marbella: 5 razones para contar con un vide\u00f3grafo profesional - Carlos Felix Weddings","og_description":"Un Vide\u00f3grafo Profesional en Bodas en Marbella: la clave para revivir tu d\u00eda con calidad cinematogr\u00e1fica. Descubre m\u00e1s.","og_url":"https:\/\/carlosfelixweddings.com\/en\/videografo-profesional-para-bodas-en-marbella\/","og_site_name":"Carlos Felix Weddings","article_published_time":"2023-08-14T10:17:31+00:00","article_modified_time":"2023-10-13T11:18:26+00:00","og_image":[{"width":2560,"height":1702,"url":"https:\/\/carlosfelixweddings.com\/wp-content\/uploads\/2023\/08\/image00001-scaled.jpeg","type":"image\/jpeg"}],"author":"admin","twitter_card":"summary_large_image","twitter_creator":"@elukef","twitter_site":"@elukef","twitter_misc":{"Written by":"admin","Estimated reading time":"5 minutes"},"schema":{"@context":"https:\/\/schema.org","@graph":[{"@type":"Article","@id":"https:\/\/carlosfelixweddings.com\/videografo-profesional-para-bodas-en-marbella\/#article","isPartOf":{"@id":"https:\/\/carlosfelixweddings.com\/videografo-profesional-para-bodas-en-marbella\/"},"author":{"name":"admin","@id":"https:\/\/carlosfelixweddings.com\/#\/schema\/person\/bec36511ba8342d22f7a949105214970"},"headline":"Bodas en Marbella: 5 razones para contar con un vide\u00f3grafo profesional","datePublished":"2023-08-14T10:17:31+00:00","dateModified":"2023-10-13T11:18:26+00:00","mainEntityOfPage":{"@id":"https:\/\/carlosfelixweddings.com\/videografo-profesional-para-bodas-en-marbella\/"},"wordCount":948,"commentCount":0,"publisher":{"@id":"https:\/\/carlosfelixweddings.com\/#\/schema\/person\/ea6a553b88d5f13090db0d991e097421"},"image":{"@id":"https:\/\/carlosfelixweddings.com\/videografo-profesional-para-bodas-en-marbella\/#primaryimage"},"thumbnailUrl":"https:\/\/carlosfelixweddings.com\/wp-content\/uploads\/2023\/08\/image00001-scaled.jpeg","keywords":["bodas en marbella","Calidad Cinematogr\u00e1fica","Reportaje Audiovisual","vide\u00f3grafo de bodas","vide\u00f3grafo profesional","videografo profesional de bodas en marbella","wedding film","wedding inspiration","wedding videographer","wedding videography"],"articleSection":["Bodas en Marbella"],"inLanguage":"en-GB","potentialAction":[{"@type":"CommentAction","name":"Comment","target":["https:\/\/carlosfelixweddings.com\/videografo-profesional-para-bodas-en-marbella\/#respond"]}]},{"@type":"WebPage","@id":"https:\/\/carlosfelixweddings.com\/videografo-profesional-para-bodas-en-marbella\/","url":"https:\/\/carlosfelixweddings.com\/videografo-profesional-para-bodas-en-marbella\/","name":"Bodas en Marbella: 5 razones para contar con un vide\u00f3grafo profesional - Carlos Felix Weddings","isPartOf":{"@id":"https:\/\/carlosfelixweddings.com\/#website"},"primaryImageOfPage":{"@id":"https:\/\/carlosfelixweddings.com\/videografo-profesional-para-bodas-en-marbella\/#primaryimage"},"image":{"@id":"https:\/\/carlosfelixweddings.com\/videografo-profesional-para-bodas-en-marbella\/#primaryimage"},"thumbnailUrl":"https:\/\/carlosfelixweddings.com\/wp-content\/uploads\/2023\/08\/image00001-scaled.jpeg","datePublished":"2023-08-14T10:17:31+00:00","dateModified":"2023-10-13T11:18:26+00:00","description":"Un Vide\u00f3grafo Profesional en Bodas en Marbella: la clave para revivir tu d\u00eda con calidad cinematogr\u00e1fica. Descubre m\u00e1s.","breadcrumb":{"@id":"https:\/\/carlosfelixweddings.com\/videografo-profesional-para-bodas-en-marbella\/#breadcrumb"},"inLanguage":"en-GB","potentialAction":[{"@type":"ReadAction","target":["https:\/\/carlosfelixweddings.com\/videografo-profesional-para-bodas-en-marbella\/"]}]},{"@type":"ImageObject","inLanguage":"en-GB","@id":"https:\/\/carlosfelixweddings.com\/videografo-profesional-para-bodas-en-marbella\/#primaryimage","url":"https:\/\/carlosfelixweddings.com\/wp-content\/uploads\/2023\/08\/image00001-scaled.jpeg","contentUrl":"https:\/\/carlosfelixweddings.com\/wp-content\/uploads\/2023\/08\/image00001-scaled.jpeg","width":2560,"height":1702,"caption":"Vide\u00f3grafo profesional en Marbella"},{"@type":"BreadcrumbList","@id":"https:\/\/carlosfelixweddings.com\/videografo-profesional-para-bodas-en-marbella\/#breadcrumb","itemListElement":[{"@type":"ListItem","position":1,"name":"Portada","item":"https:\/\/carlosfelixweddings.com\/"},{"@type":"ListItem","position":2,"name":"Bodas en Marbella: 5 razones para contar con un vide\u00f3grafo profesional"}]},{"@type":"WebSite","@id":"https:\/\/carlosfelixweddings.com\/#website","url":"https:\/\/carlosfelixweddings.com\/","name":"Carlos Felix Weddings","description":"Weddings Videographer | Weddings Videographer","publisher":{"@id":"https:\/\/carlosfelixweddings.com\/#\/schema\/person\/ea6a553b88d5f13090db0d991e097421"},"potentialAction":[{"@type":"SearchAction","target":{"@type":"EntryPoint","urlTemplate":"https:\/\/carlosfelixweddings.com\/?s={search_term_string}"},"query-input":{"@type":"PropertyValueSpecification","valueRequired":true,"valueName":"search_term_string"}}],"inLanguage":"en-GB"},{"@type":["Person","Organization"],"@id":"https:\/\/carlosfelixweddings.com\/#\/schema\/person\/ea6a553b88d5f13090db0d991e097421","name":"Carlos F\u00e9lix","image":{"@type":"ImageObject","inLanguage":"en-GB","@id":"https:\/\/carlosfelixweddings.com\/wp-content\/uploads\/2023\/04\/carlos-felix-weddings-logo-black.svg","url":"https:\/\/carlosfelixweddings.com\/wp-content\/uploads\/2023\/04\/carlos-felix-weddings-logo-black.svg","contentUrl":"https:\/\/carlosfelixweddings.com\/wp-content\/uploads\/2023\/04\/carlos-felix-weddings-logo-black.svg","width":880,"height":197,"caption":"Carlos F\u00e9lix"},"logo":{"@id":"https:\/\/carlosfelixweddings.com\/wp-content\/uploads\/2023\/04\/carlos-felix-weddings-logo-black.svg"},"sameAs":["https:\/\/x.com\/elukef"]},{"@type":"Person","@id":"https:\/\/carlosfelixweddings.com\/#\/schema\/person\/bec36511ba8342d22f7a949105214970","name":"admin","image":{"@type":"ImageObject","inLanguage":"en-GB","@id":"https:\/\/carlosfelixweddings.com\/wp-content\/litespeed\/avatar\/8b674d7d57a17c311b8882d7942ba332.jpg?ver=1777480788","url":"https:\/\/carlosfelixweddings.com\/wp-content\/litespeed\/avatar\/8b674d7d57a17c311b8882d7942ba332.jpg?ver=1777480788","contentUrl":"https:\/\/carlosfelixweddings.com\/wp-content\/litespeed\/avatar\/8b674d7d57a17c311b8882d7942ba332.jpg?ver=1777480788","caption":"admin"},"sameAs":["https:\/\/carlosfelixweddings.com","https:\/\/x.com\/elukef"]}]}},"_links":{"self":[{"href":"https:\/\/carlosfelixweddings.com\/en\/wp-json\/wp\/v2\/posts\/691","targetHints":{"allow":["GET"]}}],"collection":[{"href":"https:\/\/carlosfelixweddings.com\/en\/wp-json\/wp\/v2\/posts"}],"about":[{"href":"https:\/\/carlosfelixweddings.com\/en\/wp-json\/wp\/v2\/types\/post"}],"author":[{"embeddable":true,"href":"https:\/\/carlosfelixweddings.com\/en\/wp-json\/wp\/v2\/users\/1"}],"replies":[{"embeddable":true,"href":"https:\/\/carlosfelixweddings.com\/en\/wp-json\/wp\/v2\/comments?post=691"}],"version-history":[{"count":9,"href":"https:\/\/carlosfelixweddings.com\/en\/wp-json\/wp\/v2\/posts\/691\/revisions"}],"predecessor-version":[{"id":1279,"href":"https:\/\/carlosfelixweddings.com\/en\/wp-json\/wp\/v2\/posts\/691\/revisions\/1279"}],"wp:featuredmedia":[{"embeddable":true,"href":"https:\/\/carlosfelixweddings.com\/en\/wp-json\/wp\/v2\/media\/1264"}],"wp:attachment":[{"href":"https:\/\/carlosfelixweddings.com\/en\/wp-json\/wp\/v2\/media?parent=691"}],"wp:term":[{"taxonomy":"category","embeddable":true,"href":"https:\/\/carlosfelixweddings.com\/en\/wp-json\/wp\/v2\/categories?post=691"},{"taxonomy":"post_tag","embeddable":true,"href":"https:\/\/carlosfelixweddings.com\/en\/wp-json\/wp\/v2\/tags?post=691"}],"curies":[{"name":"wp","href":"https:\/\/api.w.org\/{rel}","templated":true}]}}